{"id":5678,"global_id":"acfaec.com?id=5678","global_id_lineage":["acfaec.com?id=5678"],"author":"1","status":"publish","date":"2026-08-28 04:02:34","date_utc":"2026-08-28 04:02:34","modified":"2026-08-28 04:05:44","modified_utc":"2026-08-28 04:05:44","url":"https:\/\/acfaec.com\/?tribe_events=jornada-de-presentacio-dolimpiades-concursos-i-competicions","rest_url":"https:\/\/acfaec.com\/index.php?rest_route=\/tribe\/events\/v1\/events\/5678","title":"Jornada de presentaci\u00f3 d\u2019olimp\u00edades, concursos i competicions","description":"<p>El\u00a019 de setembre, de 10 a 18 h, l\u2019ACFAEC i la Facultat de Matem\u00e0tiques i Estad\u00edstica de la UPC (FME-UPC) organitzen una jornada oberta per presentar les\u00a0olimp\u00edades, concursos i competicions\u00a0del pr\u00f2xim curs.<\/p>\n<p>Durant la jornada es donaran a con\u00e8ixer les diferents oportunitats que tenen els alumnes per posar a prova els seus coneixements, descobrir nous reptes i gaudir de les matem\u00e0tiques, la inform\u00e0tica, la ci\u00e8ncia i la tecnologia.<\/p>\n<p>Qu\u00e8 hi trobareu?<\/p>\n<p><img class=\"an1\" draggable=\"false\" src=\"https:\/\/fonts.gstatic.com\/s\/e\/notoemoji\/17.0\/1f539\/32.png\" alt=\"\" data-emoji=\"\" aria-label=\"\" \/>\u00a0Olimp\u00edades i preparacions<\/p>\n<ul>\n<li>Inform\u00e0tica, <a href=\"https:\/\/olimpiada-informatica.cat\/\">oiCat<\/a>&#8211;<a href=\"https:\/\/olimpiada-informatica.org\/\">OIE<\/a><\/li>\n<li><a href=\"https:\/\/scm.iec.cat\/concurs-presencial\/olimpiada\/\">Matem\u00e0tiques, FME-UPC<\/a><\/li>\n<\/ul>\n<p><img class=\"an1\" draggable=\"false\" src=\"https:\/\/fonts.gstatic.com\/s\/e\/notoemoji\/17.0\/1f539\/32.png\" alt=\"\" data-emoji=\"\" aria-label=\"\" \/>\u00a0Altres concursos i competicions<\/p>\n<ul>\n<li><a href=\"https:\/\/bebras.cat\/index.php?action=welcome\">Bebras<\/a><\/li>\n<li><a href=\"https:\/\/www.contrarellotge.cat\/\">Contrarellotge<\/a><\/li>\n<li><a href=\"https:\/\/fm.feemcat.org\/\">Feemcat , Olimp\u00edada de Matem\u00e0tiques Alev\u00ed i Juvenil<\/a><\/li>\n<li><a href=\"https:\/\/pomaolimpiada.github.io\/poma.html\">POMA<\/a><\/li>\n<li>Fira Internacional<a href=\"https:\/\/magmarecerca.org\/es\/exporecerca\/\"> Exporecerca<\/a><\/li>\n<li>I altres propostes.<\/li>\n<\/ul>\n<p>La jornada est\u00e0 adre\u00e7ada a\u00a0alumnes i fam\u00edlies\u00a0interessats a con\u00e8ixer aquestes iniciatives, tant si ja hi participen com si volen descobrir-les per primera vegada.<\/p>\n<p><img class=\"an1\" draggable=\"false\" src=\"https:\/\/fonts.gstatic.com\/s\/e\/notoemoji\/17.0\/1f39f_fe0f\/32.png\" alt=\"\ufe0f\" data-emoji=\"\ufe0f\" aria-label=\"\ufe0f\" \/>\u00a0Activitat gratu\u00efta<\/p>\n<p><img class=\"an1\" draggable=\"false\" src=\"https:\/\/fonts.gstatic.com\/s\/e\/notoemoji\/17.0\/1f4c5\/32.png\" alt=\"\" data-emoji=\"\" aria-label=\"\" \/>\u00a0<strong>19 de setembre de 2026<\/strong><br \/>\n<img class=\"an1\" draggable=\"false\" src=\"https:\/\/fonts.gstatic.com\/s\/e\/notoemoji\/17.0\/1f559\/32.png\" alt=\"\" data-emoji=\"\" aria-label=\"\" \/>\u00a0De 10 a 18 h<\/p>\n<h3><img class=\"an1\" draggable=\"false\" src=\"https:\/\/fonts.gstatic.com\/s\/e\/notoemoji\/17.0\/1f449\/32.png\" alt=\"\" data-emoji=\"\" aria-label=\"\" \/>\u00a0Inscripcions:\u00a0<strong><a href=\"https:\/\/docs.google.com\/forms\/d\/e\/1FAIpQLSf2g-4i-l3dtsm16FYK6JuJUJVbi7KO7j3r9QQPEaPVP3fHHg\/viewform?urp=gmail_link\">Formulari de registre\u2060<\/a><\/strong><\/h3>\n<p>Organitza:\u00a0ACFAEC i <a href=\"https:\/\/fme.upc.edu\/ca\">FME-UPC<\/a><br \/>\nAmb la col\u00b7laboraci\u00f3 de:\u00a0oiCat-OIE<br \/>\nPatrocina:\u00a0<a href=\"https:\/\/www.apotema.cat\/\">Apotema<\/a><\/p>\n<div class=\"yj6qo\">\n<figure id=\"attachment_5683\" aria-describedby=\"caption-attachment-5683\" style=\"width: 161px\" class=\"wp-caption alignnone\"><img class=\"size-medium wp-image-5683\" src=\"https:\/\/acfaec.com\/wp-content\/uploads\/2026\/08\/IMG_3912-2-161x300.jpg\" alt=\"\" width=\"161\" height=\"300\" srcset=\"https:\/\/acfaec.com\/wp-content\/uploads\/2026\/08\/IMG_3912-2-161x300.jpg 161w, https:\/\/acfaec.com\/wp-content\/uploads\/2026\/08\/IMG_3912-2-550x1024.jpg 550w, https:\/\/acfaec.com\/wp-content\/uploads\/2026\/08\/IMG_3912-2-768x1430.jpg 768w, https:\/\/acfaec.com\/wp-content\/uploads\/2026\/08\/IMG_3912-2-825x1536.jpg 825w, https:\/\/acfaec.com\/wp-content\/uploads\/2026\/08\/IMG_3912-2.jpg 1053w\" sizes=\"(max-width: 161px) 100vw, 161px\" \/><figcaption id=\"caption-attachment-5683\" class=\"wp-caption-text\">Screenshot<\/figcaption><\/figure>\n<\/div>","excerpt":"","slug":"jornada-de-presentacio-dolimpiades-concursos-i-competicions","image":{"url":"https:\/\/acfaec.com\/wp-content\/uploads\/2026\/08\/IMG_3912-1.jpg","id":"5681","extension":"jpg","width":1053,"height":1960,"sizes":{"medium":{"width":161,"height":300,"mime-type":"image\/jpeg","url":"https:\/\/acfaec.com\/wp-content\/uploads\/2026\/08\/IMG_3912-1-161x300.jpg"},"large":{"width":550,"height":1024,"mime-type":"image\/jpeg","url":"https:\/\/acfaec.com\/wp-content\/uploads\/2026\/08\/IMG_3912-1-550x1024.jpg"},"thumbnail":{"width":150,"height":150,"mime-type":"image\/jpeg","url":"https:\/\/acfaec.com\/wp-content\/uploads\/2026\/08\/IMG_3912-1-150x150.jpg"},"medium_large":{"width":768,"height":1430,"mime-type":"image\/jpeg","url":"https:\/\/acfaec.com\/wp-content\/uploads\/2026\/08\/IMG_3912-1-768x1430.jpg"},"1536x1536":{"width":825,"height":1536,"mime-type":"image\/jpeg","url":"https:\/\/acfaec.com\/wp-content\/uploads\/2026\/08\/IMG_3912-1-825x1536.jpg"},"total-portfolio-thumb":{"width":400,"height":400,"mime-type":"image\/jpeg","url":"https:\/\/acfaec.com\/wp-content\/uploads\/2026\/08\/IMG_3912-1-400x400.jpg"},"total-team-thumb":{"width":350,"height":420,"mime-type":"image\/jpeg","url":"https:\/\/acfaec.com\/wp-content\/uploads\/2026\/08\/IMG_3912-1-350x420.jpg"},"total-blog-thumb":{"width":400,"height":280,"mime-type":"image\/jpeg","url":"https:\/\/acfaec.com\/wp-content\/uploads\/2026\/08\/IMG_3912-1-400x280.jpg"},"total-thumb":{"width":100,"height":100,"mime-type":"image\/jpeg","url":"https:\/\/acfaec.com\/wp-content\/uploads\/2026\/08\/IMG_3912-1-100x100.jpg"},"total-blog-header":{"width":720,"height":360,"mime-type":"image\/jpeg","url":"https:\/\/acfaec.com\/wp-content\/uploads\/2026\/08\/IMG_3912-1-720x360.jpg"}}},"all_day":false,"start_date":"2026-09-19 10:00:00","start_date_details":{"year":"2026","month":"09","day":"19","hour":"10","minutes":"00","seconds":"00"},"end_date":"2026-09-19 18:00:00","end_date_details":{"year":"2026","month":"09","day":"19","hour":"18","minutes":"00","seconds":"00"},"utc_start_date":"2026-09-19 10:00:00","utc_start_date_details":{"year":"2026","month":"09","day":"19","hour":"10","minutes":"00","seconds":"00"},"utc_end_date":"2026-09-19 18:00:00","utc_end_date_details":{"year":"2026","month":"09","day":"19","hour":"18","minutes":"00","seconds":"00"},"timezone":"UTC+0","timezone_abbr":"UTC+0","cost":"Gratu\u00eft","cost_details":{"currency_symbol":"","currency_position":"suffix","values":["0"]},"website":"","show_map":true,"show_map_link":true,"hide_from_listings":false,"sticky":false,"featured":false,"categories":[{"name":"Activitats ACFAEC","slug":"activitats-acfaec","term_group":0,"term_taxonomy_id":2,"taxonomy":"tribe_events_cat","description":"","parent":0,"count":27,"filter":"raw","id":2,"urls":{"self":"https:\/\/acfaec.com\/index.php?rest_route=\/tribe\/events\/v1\/categories\/2","collection":"https:\/\/acfaec.com\/index.php?rest_route=\/tribe\/events\/v1\/categories"}},{"name":"Proves i concursos","slug":"proves-i-concursos","term_group":0,"term_taxonomy_id":4,"taxonomy":"tribe_events_cat","description":"","parent":0,"count":9,"filter":"raw","id":4,"urls":{"self":"https:\/\/acfaec.com\/index.php?rest_route=\/tribe\/events\/v1\/categories\/4","collection":"https:\/\/acfaec.com\/index.php?rest_route=\/tribe\/events\/v1\/categories"}}],"tags":[],"venue":[],"organizer":[],"json_ld":{"@context":"http:\/\/schema.org","@type":"Event","name":"Jornada de presentaci\u00f3 d\u2019olimp\u00edades, concursos i competicions","description":"&lt;p&gt;El\u00a019 de setembre, de 10 a 18 h, l\u2019ACFAEC i la Facultat de Matem\u00e0tiques i Estad\u00edstica de la UPC (FME-UPC) organitzen una jornada oberta per presentar les\u00a0olimp\u00edades, concursos i competicions\u00a0del pr\u00f2xim curs. Durant la jornada es donaran a con\u00e8ixer les diferents oportunitats que tenen els alumnes per posar a prova els seus coneixements, descobrir nous [&hellip;]&lt;\/p&gt;\\n","image":"https:\/\/acfaec.com\/wp-content\/uploads\/2026\/08\/IMG_3912-1.jpg","url":"https:\/\/acfaec.com\/?tribe_events=jornada-de-presentacio-dolimpiades-concursos-i-competicions","startDate":"2026-09-19T10:00:00+00:00","endDate":"2026-09-19T18:00:00+00:00","offers":{"@type":"Offer","price":"0","priceCurrency":"USD","url":"https:\/\/acfaec.com\/?tribe_events=jornada-de-presentacio-dolimpiades-concursos-i-competicions","category":"primary","availability":"inStock","validFrom":"1970-01-01T00:00:00+00:00"},"performer":"Organization"}}